{"id":1026,"date":"2022-12-16T11:48:29","date_gmt":"2022-12-16T10:48:29","guid":{"rendered":"http:\/\/geneafrancobelge.eu\/?p=1026"},"modified":"2022-12-16T11:48:35","modified_gmt":"2022-12-16T10:48:35","slug":"ouverture-exceptionnelle-les-20-21-22-et-23-decembre-de-la-librairie-de-la-voute","status":"publish","type":"post","link":"https:\/\/geneafrancobelge.eu\/index.php\/2022\/12\/16\/ouverture-exceptionnelle-les-20-21-22-et-23-decembre-de-la-librairie-de-la-voute\/","title":{"rendered":"Ouverture exceptionnelle les 20, 21, 22 et 23 d\u00e9cembre de la Librairie de la Vo\u00fbte"},"content":{"rendered":"\n<div class=\"wp-block-image\"><figure class=\"aligncenter size-large\"><img loading=\"lazy\" decoding=\"async\" width=\"325\" height=\"155\" src=\"http:\/\/geneafrancobelge.eu\/wp-content\/uploads\/2022\/12\/ouverture.jpg\" alt=\"\" class=\"wp-image-1027\" srcset=\"https:\/\/geneafrancobelge.eu\/wp-content\/uploads\/2022\/12\/ouverture.jpg 325w, https:\/\/geneafrancobelge.eu\/wp-content\/uploads\/2022\/12\/ouverture-300x143.jpg 300w\" sizes=\"auto, (max-width: 325px) 100vw, 325px\" \/><\/figure><\/div>\n\n\n\n<p><strong>Les 20, 21, 22 et 23 d\u00e9cembre\u00a010 h \u00e0 12 h et de 15 h \u00e0 18 h<\/strong><\/p>\n\n\n\n<p><strong>Librairie de la Vo\u00fbte &#8211; la librairie du g\u00e9n\u00e9alogiste<\/strong><\/p>\n\n\n\n<p><strong>77 ans au du livre et de la g\u00e9n\u00e9alogie<\/strong><\/p>\n\n\n\n<p>24 rue de la Vo\u00fbte75012 Paris<br><strong>Librairie ind\u00e9pendante de 1945<\/strong><\/p>\n\n\n\n<p>Vous pouvez toujours passer vos commandes par internet sur nos sites<\/p>\n\n\n\n<p><a href=\"http:\/\/www.librairie-genealogique.com\/\">www.librairie-genealogique.com<\/a><\/p>\n\n\n\n<p>ou sur la nouvelle librairie num\u00e9rique (plus de 350 titres)<\/p>\n\n\n\n<p><a href=\"http:\/\/e-librairie.lavoute.net\/\">e-librairie.lavoute.net<\/a><\/p>\n\n\n\n<p>ou sur la nouvelle librairie discount<\/p>\n\n\n\n<p><a href=\"http:\/\/discount-genealogie.lavoute.net\/\">discount-genealogie.lavoute.net<\/a><\/p>\n\n\n\n<p>ou sur la nouvelle librairie<\/p>\n\n\n\n<p><a href=\"https:\/\/lavoute.eu\/\">lavoute.eu<\/a><\/p>\n<div style=\"padding-bottom:20px; padding-top:10px;\" class=\"hupso-share-buttons\"><!-- Hupso Share Buttons - https:\/\/www.hupso.com\/share\/ --><a class=\"hupso_toolbar\" href=\"https:\/\/www.hupso.com\/share\/\"><img decoding=\"async\" src=\"https:\/\/static.hupso.com\/share\/buttons\/lang\/fr\/share-medium.png\" style=\"border:0px; padding-top: 5px; float:left;\" alt=\"Share Button\"\/><\/a><script type=\"text\/javascript\">var hupso_services_t=new Array(\"Twitter\",\"Facebook\",\"Pinterest\",\"Linkedin\",\"StumbleUpon\",\"Digg\",\"Reddit\",\"Bebo\",\"Delicious\");var hupso_background_t=\"#EAF4FF\";var hupso_border_t=\"#66CCFF\";var hupso_toolbar_size_t=\"medium\";var hupso_image_folder_url = \"\";var hupso_url_t=\"\";var hupso_title_t=\"Ouverture%20exceptionnelle%20les%2020%2C%2021%2C%2022%20et%2023%20d%C3%A9cembre%20de%20la%20Librairie%20de%20la%20Vo%C3%BBte\";<\/script><script type=\"text\/javascript\" src=\"https:\/\/static.hupso.com\/share\/js\/share_toolbar.js\"><\/script><!-- Hupso Share Buttons --><\/div>","protected":false},"excerpt":{"rendered":"<p>Les 20, 21, 22 et 23 d\u00e9cembre\u00a010 h \u00e0 12 h et de 15 h \u00e0 18 h Librairie de la Vo\u00fbte &#8211; la librairie du g\u00e9n\u00e9alogiste 77 ans au du livre et de la g\u00e9n\u00e9alogie 24 rue de la Vo\u00fbte75012 ParisLibrairie ind\u00e9pendante de 1945 Vous pouvez toujours passer vos [&hellip;]<\/p>\n<div style=\"padding-bottom:20px; padding-top:10px;\" class=\"hupso-share-buttons\"><!-- Hupso Share Buttons - https:\/\/www.hupso.com\/share\/ --><a class=\"hupso_toolbar\" href=\"https:\/\/www.hupso.com\/share\/\"><img src=\"https:\/\/static.hupso.com\/share\/buttons\/lang\/fr\/share-medium.png\" style=\"border:0px; padding-top: 5px; float:left;\" alt=\"Share Button\"\/><\/a><script type=\"text\/javascript\">var hupso_services_t=new Array(\"Twitter\",\"Facebook\",\"Pinterest\",\"Linkedin\",\"StumbleUpon\",\"Digg\",\"Reddit\",\"Bebo\",\"Delicious\");var hupso_background_t=\"#EAF4FF\";var hupso_border_t=\"#66CCFF\";var hupso_toolbar_size_t=\"medium\";var hupso_image_folder_url = \"\";var hupso_url_t=\"\";var hupso_title_t=\"Ouverture%20exceptionnelle%20les%2020%2C%2021%2C%2022%20et%2023%20d%C3%A9cembre%20de%20la%20Librairie%20de%20la%20Vo%C3%BBte\";<\/script><script type=\"text\/javascript\" src=\"https:\/\/static.hupso.com\/share\/js\/share_toolbar.js\"><\/script><!-- Hupso Share Buttons --><\/div>","protected":false},"author":2,"featured_media":1027,"comment_status":"closed","ping_status":"open","sticky":false,"template":"","format":"standard","meta":{"footnotes":""},"categories":[60,170,44,192,1,237,94,181,7,3],"tags":[144,241],"class_list":["post-1026","post","type-post","status-publish","format-standard","has-post-thumbnail","hentry","category-actualites","category-arbres-genealogiques","category-catalogue","category-genealogie-magazine","category-librairie","category-librairie-de-la-voute","category-livre-numerique","category-livres","category-logiciel","category-revue","tag-librairie-de-la-voute","tag-ouverture-exceptionnelle"],"_links":{"self":[{"href":"https:\/\/geneafrancobelge.eu\/index.php\/wp-json\/wp\/v2\/posts\/1026","targetHints":{"allow":["GET"]}}],"collection":[{"href":"https:\/\/geneafrancobelge.eu\/index.php\/wp-json\/wp\/v2\/posts"}],"about":[{"href":"https:\/\/geneafrancobelge.eu\/index.php\/wp-json\/wp\/v2\/types\/post"}],"author":[{"embeddable":true,"href":"https:\/\/geneafrancobelge.eu\/index.php\/wp-json\/wp\/v2\/users\/2"}],"replies":[{"embeddable":true,"href":"https:\/\/geneafrancobelge.eu\/index.php\/wp-json\/wp\/v2\/comments?post=1026"}],"version-history":[{"count":1,"href":"https:\/\/geneafrancobelge.eu\/index.php\/wp-json\/wp\/v2\/posts\/1026\/revisions"}],"predecessor-version":[{"id":1028,"href":"https:\/\/geneafrancobelge.eu\/index.php\/wp-json\/wp\/v2\/posts\/1026\/revisions\/1028"}],"wp:featuredmedia":[{"embeddable":true,"href":"https:\/\/geneafrancobelge.eu\/index.php\/wp-json\/wp\/v2\/media\/1027"}],"wp:attachment":[{"href":"https:\/\/geneafrancobelge.eu\/index.php\/wp-json\/wp\/v2\/media?parent=1026"}],"wp:term":[{"taxonomy":"category","embeddable":true,"href":"https:\/\/geneafrancobelge.eu\/index.php\/wp-json\/wp\/v2\/categories?post=1026"},{"taxonomy":"post_tag","embeddable":true,"href":"https:\/\/geneafrancobelge.eu\/index.php\/wp-json\/wp\/v2\/tags?post=1026"}],"curies":[{"name":"wp","href":"https:\/\/api.w.org\/{rel}","templated":true}]}}