{"id":1054,"date":"2023-02-23T09:59:18","date_gmt":"2023-02-23T08:59:18","guid":{"rendered":"http:\/\/geneafrancobelge.eu\/?p=1054"},"modified":"2023-03-02T10:46:12","modified_gmt":"2023-03-02T09:46:12","slug":"base-de-donnees-des-soldats-allemand-decedes-entre-1935-et-1945-en-allemagne-belgique-et-france","status":"publish","type":"post","link":"https:\/\/geneafrancobelge.eu\/index.php\/2023\/02\/23\/base-de-donnees-des-soldats-allemand-decedes-entre-1935-et-1945-en-allemagne-belgique-et-france\/","title":{"rendered":"Base de donn\u00e9es des soldats allemand d\u00e9c\u00e9d\u00e9s entre 1935 et 1945 en Allemagne, Belgique et France"},"content":{"rendered":"\n<figure class=\"wp-block-image size-large\"><img loading=\"lazy\" decoding=\"async\" width=\"1024\" height=\"256\" src=\"http:\/\/geneafrancobelge.eu\/wp-content\/uploads\/2023\/02\/image-haut-1024x256.jpg\" alt=\"\" class=\"wp-image-1055\" srcset=\"https:\/\/geneafrancobelge.eu\/wp-content\/uploads\/2023\/02\/image-haut-1024x256.jpg 1024w, https:\/\/geneafrancobelge.eu\/wp-content\/uploads\/2023\/02\/image-haut-600x150.jpg 600w, https:\/\/geneafrancobelge.eu\/wp-content\/uploads\/2023\/02\/image-haut-300x75.jpg 300w, https:\/\/geneafrancobelge.eu\/wp-content\/uploads\/2023\/02\/image-haut-768x192.jpg 768w, https:\/\/geneafrancobelge.eu\/wp-content\/uploads\/2023\/02\/image-haut-1536x384.jpg 1536w, https:\/\/geneafrancobelge.eu\/wp-content\/uploads\/2023\/02\/image-haut.jpg 2000w\" sizes=\"auto, (max-width: 1024px) 100vw, 1024px\" \/><\/figure>\n\n\n\n<p>Base de donn\u00e9es des soldats allemand d\u00e9c\u00e9d\u00e9s entre 1935 et 1945 en Allemagne, Belgique et France.<\/p>\n\n\n\n<p>Chaque soldat peut \u00eatre identifi\u00e9e par :<\/p>\n\n\n\n<ul class=\"wp-block-list\"><li>&#8211; Son nom de famille<\/li><li>&#8211; Son pr\u00e9nom<\/li><li>&#8211; sa date et lieu de naissance<\/li><li>&#8211; sa date et lieu de d\u00e9c\u00e8s<\/li><li>&#8211; Son grade<\/li><li>&#8211; Son matricule<\/li><li>&#8211; Le nom du cimeti\u00e8re<\/li><li>&#8211; le num\u00e9ro de la tombe<\/li><\/ul>\n\n\n\n<p><a href=\"http:\/\/geneafrancobelge.eu\/soldats-allemands-1935-1945\">http:\/\/geneafrancobelge.eu\/soldats-allemands-1935-1945<\/a><\/p>\n<div style=\"padding-bottom:20px; padding-top:10px;\" class=\"hupso-share-buttons\"><!-- Hupso Share Buttons - https:\/\/www.hupso.com\/share\/ --><a class=\"hupso_toolbar\" href=\"https:\/\/www.hupso.com\/share\/\"><img decoding=\"async\" src=\"https:\/\/static.hupso.com\/share\/buttons\/lang\/fr\/share-medium.png\" style=\"border:0px; padding-top: 5px; float:left;\" alt=\"Share Button\"\/><\/a><script type=\"text\/javascript\">var hupso_services_t=new Array(\"Twitter\",\"Facebook\",\"Pinterest\",\"Linkedin\",\"StumbleUpon\",\"Digg\",\"Reddit\",\"Bebo\",\"Delicious\");var hupso_background_t=\"#EAF4FF\";var hupso_border_t=\"#66CCFF\";var hupso_toolbar_size_t=\"medium\";var hupso_image_folder_url = \"\";var hupso_url_t=\"\";var hupso_title_t=\"Base%20de%20donn%C3%A9es%20des%20soldats%20allemand%20d%C3%A9c%C3%A9d%C3%A9s%20entre%201935%20et%201945%20en%20Allemagne%2C%20Belgique%20et%20France\";<\/script><script type=\"text\/javascript\" src=\"https:\/\/static.hupso.com\/share\/js\/share_toolbar.js\"><\/script><!-- Hupso Share Buttons --><\/div>","protected":false},"excerpt":{"rendered":"<p>Base de donn\u00e9es des soldats allemand d\u00e9c\u00e9d\u00e9s entre 1935 et 1945 en Allemagne, Belgique et France. Chaque soldat peut \u00eatre identifi\u00e9e par : &#8211; Son nom de famille &#8211; Son pr\u00e9nom &#8211; sa date et lieu de naissance &#8211; sa date et lieu de d\u00e9c\u00e8s &#8211; Son grade &#8211; Son [&hellip;]<\/p>\n<div style=\"padding-bottom:20px; padding-top:10px;\" class=\"hupso-share-buttons\"><!-- Hupso Share Buttons - https:\/\/www.hupso.com\/share\/ --><a class=\"hupso_toolbar\" href=\"https:\/\/www.hupso.com\/share\/\"><img src=\"https:\/\/static.hupso.com\/share\/buttons\/lang\/fr\/share-medium.png\" style=\"border:0px; padding-top: 5px; float:left;\" alt=\"Share Button\"\/><\/a><script type=\"text\/javascript\">var hupso_services_t=new Array(\"Twitter\",\"Facebook\",\"Pinterest\",\"Linkedin\",\"StumbleUpon\",\"Digg\",\"Reddit\",\"Bebo\",\"Delicious\");var hupso_background_t=\"#EAF4FF\";var hupso_border_t=\"#66CCFF\";var hupso_toolbar_size_t=\"medium\";var hupso_image_folder_url = \"\";var hupso_url_t=\"\";var hupso_title_t=\"Base%20de%20donn%C3%A9es%20des%20soldats%20allemand%20d%C3%A9c%C3%A9d%C3%A9s%20entre%201935%20et%201945%20en%20Allemagne%2C%20Belgique%20et%20France\";<\/script><script type=\"text\/javascript\" src=\"https:\/\/static.hupso.com\/share\/js\/share_toolbar.js\"><\/script><!-- Hupso Share Buttons --><\/div>","protected":false},"author":2,"featured_media":1055,"comment_status":"closed","ping_status":"open","sticky":false,"template":"","format":"standard","meta":{"footnotes":""},"categories":[250,55,158,166,159,6],"tags":[251,252],"class_list":["post-1054","post","type-post","status-publish","format-standard","has-post-thumbnail","hentry","category-allemagne","category-base-de-donnees","category-belgique","category-france","category-guerre-39-45","category-internet","tag-allemagne","tag-soldats-allemand"],"_links":{"self":[{"href":"https:\/\/geneafrancobelge.eu\/index.php\/wp-json\/wp\/v2\/posts\/1054","targetHints":{"allow":["GET"]}}],"collection":[{"href":"https:\/\/geneafrancobelge.eu\/index.php\/wp-json\/wp\/v2\/posts"}],"about":[{"href":"https:\/\/geneafrancobelge.eu\/index.php\/wp-json\/wp\/v2\/types\/post"}],"author":[{"embeddable":true,"href":"https:\/\/geneafrancobelge.eu\/index.php\/wp-json\/wp\/v2\/users\/2"}],"replies":[{"embeddable":true,"href":"https:\/\/geneafrancobelge.eu\/index.php\/wp-json\/wp\/v2\/comments?post=1054"}],"version-history":[{"count":1,"href":"https:\/\/geneafrancobelge.eu\/index.php\/wp-json\/wp\/v2\/posts\/1054\/revisions"}],"predecessor-version":[{"id":1056,"href":"https:\/\/geneafrancobelge.eu\/index.php\/wp-json\/wp\/v2\/posts\/1054\/revisions\/1056"}],"wp:featuredmedia":[{"embeddable":true,"href":"https:\/\/geneafrancobelge.eu\/index.php\/wp-json\/wp\/v2\/media\/1055"}],"wp:attachment":[{"href":"https:\/\/geneafrancobelge.eu\/index.php\/wp-json\/wp\/v2\/media?parent=1054"}],"wp:term":[{"taxonomy":"category","embeddable":true,"href":"https:\/\/geneafrancobelge.eu\/index.php\/wp-json\/wp\/v2\/categories?post=1054"},{"taxonomy":"post_tag","embeddable":true,"href":"https:\/\/geneafrancobelge.eu\/index.php\/wp-json\/wp\/v2\/tags?post=1054"}],"curies":[{"name":"wp","href":"https:\/\/api.w.org\/{rel}","templated":true}]}}