{"id":826,"date":"2021-11-29T10:47:05","date_gmt":"2021-11-29T09:47:05","guid":{"rendered":"http:\/\/geneafrancobelge.eu\/?p=826"},"modified":"2021-12-03T16:33:13","modified_gmt":"2021-12-03T15:33:13","slug":"laurent-wauquiez-cousin-de-lhumoriste-thomas-vdb","status":"publish","type":"post","link":"https:\/\/geneafrancobelge.eu\/index.php\/2021\/11\/29\/laurent-wauquiez-cousin-de-lhumoriste-thomas-vdb\/","title":{"rendered":"Laurent Wauquiez cousin de l\u2019humoriste Thomas VDB"},"content":{"rendered":"\n<p>Le pr\u00e9sident de la r\u00e9gion Auvergne-Rh\u00f4ne-Alpes Laurent Wauquiez serait-il le cousin du l&rsquo;humoriste Thomas VDB ? C\u2019est en tout cas ce qu&rsquo;\u00e0 racont\u00e9 le chroniqueur de France Inter. Laurent Wauquiez lui r\u00e9pond avec humour.<\/p>\n\n\n\n<p class=\"has-text-align-center\"><strong>Voici le tableau<\/strong><\/p>\n\n\n\n<figure class=\"wp-block-image size-large\"><img loading=\"lazy\" decoding=\"async\" width=\"729\" height=\"1024\" src=\"https:\/\/geneafrancobelge.eu\/wp-content\/uploads\/2021\/11\/Cousinade-entre-Laurent-Wauquiez-et-Thomas-Van-Den-Berghe-729x1024.jpg\" alt=\"\" class=\"wp-image-827\" srcset=\"https:\/\/geneafrancobelge.eu\/wp-content\/uploads\/2021\/11\/Cousinade-entre-Laurent-Wauquiez-et-Thomas-Van-Den-Berghe-729x1024.jpg 729w, https:\/\/geneafrancobelge.eu\/wp-content\/uploads\/2021\/11\/Cousinade-entre-Laurent-Wauquiez-et-Thomas-Van-Den-Berghe-600x843.jpg 600w, https:\/\/geneafrancobelge.eu\/wp-content\/uploads\/2021\/11\/Cousinade-entre-Laurent-Wauquiez-et-Thomas-Van-Den-Berghe-213x300.jpg 213w, https:\/\/geneafrancobelge.eu\/wp-content\/uploads\/2021\/11\/Cousinade-entre-Laurent-Wauquiez-et-Thomas-Van-Den-Berghe-768x1079.jpg 768w, https:\/\/geneafrancobelge.eu\/wp-content\/uploads\/2021\/11\/Cousinade-entre-Laurent-Wauquiez-et-Thomas-Van-Den-Berghe-1093x1536.jpg 1093w, https:\/\/geneafrancobelge.eu\/wp-content\/uploads\/2021\/11\/Cousinade-entre-Laurent-Wauquiez-et-Thomas-Van-Den-Berghe.jpg 1194w\" sizes=\"auto, (max-width: 729px) 100vw, 729px\" \/><\/figure>\n<div style=\"padding-bottom:20px; padding-top:10px;\" class=\"hupso-share-buttons\"><!-- Hupso Share Buttons - https:\/\/www.hupso.com\/share\/ --><a class=\"hupso_toolbar\" href=\"https:\/\/www.hupso.com\/share\/\"><img decoding=\"async\" src=\"https:\/\/static.hupso.com\/share\/buttons\/lang\/fr\/share-medium.png\" style=\"border:0px; padding-top: 5px; float:left;\" alt=\"Share Button\"\/><\/a><script type=\"text\/javascript\">var hupso_services_t=new Array(\"Twitter\",\"Facebook\",\"Pinterest\",\"Linkedin\",\"StumbleUpon\",\"Digg\",\"Reddit\",\"Bebo\",\"Delicious\");var hupso_background_t=\"#EAF4FF\";var hupso_border_t=\"#66CCFF\";var hupso_toolbar_size_t=\"medium\";var hupso_image_folder_url = \"\";var hupso_url_t=\"\";var hupso_title_t=\"Laurent%20Wauquiez%20cousin%20de%20l%E2%80%99humoriste%20Thomas%20VDB\";<\/script><script type=\"text\/javascript\" src=\"https:\/\/static.hupso.com\/share\/js\/share_toolbar.js\"><\/script><!-- Hupso Share Buttons --><\/div>","protected":false},"excerpt":{"rendered":"<p>Le pr\u00e9sident de la r\u00e9gion Auvergne-Rh\u00f4ne-Alpes Laurent Wauquiez serait-il le cousin du l&rsquo;humoriste Thomas VDB ? C\u2019est en tout cas ce qu&rsquo;\u00e0 racont\u00e9 le chroniqueur de France Inter. Laurent Wauquiez lui r\u00e9pond avec humour. Voici le tableau<\/p>\n<div style=\"padding-bottom:20px; padding-top:10px;\" class=\"hupso-share-buttons\"><!-- Hupso Share Buttons - https:\/\/www.hupso.com\/share\/ --><a class=\"hupso_toolbar\" href=\"https:\/\/www.hupso.com\/share\/\"><img src=\"https:\/\/static.hupso.com\/share\/buttons\/lang\/fr\/share-medium.png\" style=\"border:0px; padding-top: 5px; float:left;\" alt=\"Share Button\"\/><\/a><script type=\"text\/javascript\">var hupso_services_t=new Array(\"Twitter\",\"Facebook\",\"Pinterest\",\"Linkedin\",\"StumbleUpon\",\"Digg\",\"Reddit\",\"Bebo\",\"Delicious\");var hupso_background_t=\"#EAF4FF\";var hupso_border_t=\"#66CCFF\";var hupso_toolbar_size_t=\"medium\";var hupso_image_folder_url = \"\";var hupso_url_t=\"\";var hupso_title_t=\"Laurent%20Wauquiez%20cousin%20de%20l%E2%80%99humoriste%20Thomas%20VDB\";<\/script><script type=\"text\/javascript\" src=\"https:\/\/static.hupso.com\/share\/js\/share_toolbar.js\"><\/script><!-- Hupso Share Buttons --><\/div>","protected":false},"author":2,"featured_media":827,"comment_status":"closed","ping_status":"open","sticky":false,"template":"","format":"standard","meta":{"footnotes":""},"categories":[60,5],"tags":[179,180],"class_list":["post-826","post","type-post","status-publish","format-standard","has-post-thumbnail","hentry","category-actualites","category-genealogies-celebres","tag-laurent-wauquiez","tag-thomas-vdb"],"_links":{"self":[{"href":"https:\/\/geneafrancobelge.eu\/index.php\/wp-json\/wp\/v2\/posts\/826","targetHints":{"allow":["GET"]}}],"collection":[{"href":"https:\/\/geneafrancobelge.eu\/index.php\/wp-json\/wp\/v2\/posts"}],"about":[{"href":"https:\/\/geneafrancobelge.eu\/index.php\/wp-json\/wp\/v2\/types\/post"}],"author":[{"embeddable":true,"href":"https:\/\/geneafrancobelge.eu\/index.php\/wp-json\/wp\/v2\/users\/2"}],"replies":[{"embeddable":true,"href":"https:\/\/geneafrancobelge.eu\/index.php\/wp-json\/wp\/v2\/comments?post=826"}],"version-history":[{"count":1,"href":"https:\/\/geneafrancobelge.eu\/index.php\/wp-json\/wp\/v2\/posts\/826\/revisions"}],"predecessor-version":[{"id":828,"href":"https:\/\/geneafrancobelge.eu\/index.php\/wp-json\/wp\/v2\/posts\/826\/revisions\/828"}],"wp:featuredmedia":[{"embeddable":true,"href":"https:\/\/geneafrancobelge.eu\/index.php\/wp-json\/wp\/v2\/media\/827"}],"wp:attachment":[{"href":"https:\/\/geneafrancobelge.eu\/index.php\/wp-json\/wp\/v2\/media?parent=826"}],"wp:term":[{"taxonomy":"category","embeddable":true,"href":"https:\/\/geneafrancobelge.eu\/index.php\/wp-json\/wp\/v2\/categories?post=826"},{"taxonomy":"post_tag","embeddable":true,"href":"https:\/\/geneafrancobelge.eu\/index.php\/wp-json\/wp\/v2\/tags?post=826"}],"curies":[{"name":"wp","href":"https:\/\/api.w.org\/{rel}","templated":true}]}}